{"id":3692,"date":"2024-10-14T09:53:27","date_gmt":"2024-10-14T06:53:27","guid":{"rendered":"https:\/\/tamperemaja.ee\/kultuuriuritused\/?p=3692"},"modified":"2024-10-14T10:05:20","modified_gmt":"2024-10-14T07:05:20","slug":"sinikka-hurskainen-elaman-ilo","status":"publish","type":"post","link":"https:\/\/tamperemaja.ee\/kultuuriuritused\/fi\/sinikka-hurskainen-elaman-ilo\/","title":{"rendered":"Sinikka Hurskainen El\u00e4m\u00e4n ilo"},"content":{"rendered":"\n<div class=\"wp-block-columns is-layout-flex wp-container-core-columns-is-layout-1 wp-block-columns-is-layout-flex\">\n<div class=\"wp-block-column is-layout-flow wp-block-column-is-layout-flow\">\n<p class=\"wp-el\"><h3>Sinikka Hurskainen El\u00e4m\u00e4n ilo<\/h3><\/p>\n\n\n\n<p class=\"wp-el\"><br><strong>Torstaina 17. lokakuuta klo 17.00 avataan Tampere-talossa suomalaisen taidemaalarin Sinikka Hurskaisen naivistinen maalausn\u00e4yttely. N\u00e4yttely on avoinna 10. marraskuuta asti.<\/strong><\/p>\n\n\n\n<p class=\"wp-el\"><br><strong>Sinikka Hurskainen<\/strong> on suomalainen taidemaalari ja poliitikko. H\u00e4n on opiskellut taidetta Ranskassa, Suomessa ja Ven\u00e4j\u00e4ll\u00e4, ja toimi vuosina 2010\u20132011 Euroopan neuvoston varapuheenjohtajana. Hurskaisen \u00f6ljyv\u00e4rimaalaukset yhdist\u00e4v\u00e4t naivismia ja naturalismia.<\/p>\n\n\n\n<p class=\"wp-el\"><br>Naivismi on 1800-luvun lopulla yleistynyt modernistinen taidesuuntaus. Naivistinen taide on usein hyvin yksityiskohtaista ja kirkkaanv\u00e4rist\u00e4, eik\u00e4 siin\u00e4 k\u00e4ytet\u00e4 keskeisperspektiivi\u00e4 tai huomioida anatomiaa, valoa tai ilmaa. Naivisti luo taidetta samalla intohimolla kuin akateeminen taiteilija, mutta ilman t\u00e4m\u00e4n muodollisia menetelmi\u00e4.<\/p>\n<\/div>\n\n\n\n<div class=\"wp-block-column is-layout-flow wp-block-column-is-layout-flow\">\n<figure class=\"wp-block-image size-full\"><img loading=\"lazy\" decoding=\"async\" width=\"800\" height=\"598\" src=\"https:\/\/tamperemaja.ee\/kultuuriuritused\/wp-content\/uploads\/sites\/2\/2024\/10\/kevatta-ilmassa120x90-2019-.jpg\" alt=\"\" class=\"wp-image-3682\"\/><\/figure>\n<\/div>\n<\/div>\n","protected":false},"excerpt":{"rendered":"<p>Sinikka Hurskainen El\u00e4m\u00e4n ilo Torstaina 17. lokakuuta klo 17.00 avataan Tampere-talossa suomalaisen taidemaalarin Sinikka Hurskaisen naivistinen maalausn\u00e4yttely. N\u00e4yttely on avoinna&#8230;<\/p>\n","protected":false},"author":1,"featured_media":3690,"comment_status":"closed","ping_status":"closed","sticky":false,"template":"","format":"standard","meta":{"_acf_changed":false,"inline_featured_image":false,"footnotes":""},"categories":[40],"class_list":["post-3692","post","type-post","status-publish","format-standard","has-post-thumbnail","hentry","category-tapahtumat"],"acf":[],"_links":{"self":[{"href":"https:\/\/tamperemaja.ee\/kultuuriuritused\/fi\/wp-json\/wp\/v2\/posts\/3692"}],"collection":[{"href":"https:\/\/tamperemaja.ee\/kultuuriuritused\/fi\/wp-json\/wp\/v2\/posts"}],"about":[{"href":"https:\/\/tamperemaja.ee\/kultuuriuritused\/fi\/wp-json\/wp\/v2\/types\/post"}],"author":[{"embeddable":true,"href":"https:\/\/tamperemaja.ee\/kultuuriuritused\/fi\/wp-json\/wp\/v2\/users\/1"}],"replies":[{"embeddable":true,"href":"https:\/\/tamperemaja.ee\/kultuuriuritused\/fi\/wp-json\/wp\/v2\/comments?post=3692"}],"version-history":[{"count":3,"href":"https:\/\/tamperemaja.ee\/kultuuriuritused\/fi\/wp-json\/wp\/v2\/posts\/3692\/revisions"}],"predecessor-version":[{"id":3698,"href":"https:\/\/tamperemaja.ee\/kultuuriuritused\/fi\/wp-json\/wp\/v2\/posts\/3692\/revisions\/3698"}],"wp:featuredmedia":[{"embeddable":true,"href":"https:\/\/tamperemaja.ee\/kultuuriuritused\/fi\/wp-json\/wp\/v2\/media\/3690"}],"wp:attachment":[{"href":"https:\/\/tamperemaja.ee\/kultuuriuritused\/fi\/wp-json\/wp\/v2\/media?parent=3692"}],"wp:term":[{"taxonomy":"category","embeddable":true,"href":"https:\/\/tamperemaja.ee\/kultuuriuritused\/fi\/wp-json\/wp\/v2\/categories?post=3692"}],"curies":[{"name":"wp","href":"https:\/\/api.w.org\/{rel}","templated":true}]}}