{"id":2226,"date":"2020-03-02T14:27:25","date_gmt":"2020-03-02T12:27:25","guid":{"rendered":"https:\/\/www.tamperemaja.ee\/kultuuriuritused\/silloin-menimme-suomeen\/"},"modified":"2020-03-02T14:27:25","modified_gmt":"2020-03-02T12:27:25","slug":"silloin-menimme-suomeen","status":"publish","type":"post","link":"https:\/\/tamperemaja.ee\/kultuuriuritused\/fi\/silloin-menimme-suomeen\/","title":{"rendered":"Silloin menimme Suomeen"},"content":{"rendered":"<p>Martin Ratasin sarjakuvan\u00e4yttely esittelee ihmisten tarinoita Suomeen matkustamisesta, siell\u00e4 sopeutumisesta ja Suomeen paluusta. It\u00e4-Suomen yliopisto ja Tarton yliopisto ker\u00e4siv\u00e4t kolmen vuoden ajan eri-ik\u00e4isten virolaisten henkil\u00f6kohtaisia tarinoita, joihin jokainen voi samaistua ja jotka my\u00f6s liittyiv\u00e4t n\u00e4yttelyyn. <\/p>\n<p>N\u00e4yttely heijastaa sek\u00e4 miesten ett\u00e4 naisten, lasten, nuorten, aikuisten ja vanhusten, j\u00e4lkeenj\u00e4\u00e4neiden, siirtolaisten ja paluumuuttajien el\u00e4m\u00e4\u00e4. Ihmisten tarinat kertovat, kuinka Suomessa asuminen on vaikuttanut heihin ja heid\u00e4n perheisiins\u00e4. <\/p>\n<p>Projektin tarinoiden kuvittaja Martin Rattas valmistui vuonna &nbsp;2008. Vapaiden taiteiden alalla Viron taideakatemiassa. H\u00e4n on &nbsp;maalannut ja piirt\u00e4nyt monia omaksi huvikseen, mutta on my\u00f6s suunnitellut &nbsp;useita tilausty\u00f6n\u00e4 valmistettuja CD-levyj\u00e4, julisteita, T-paitoja, autotarroja, postikortteja ja paljon muuta. H\u00e4n on my\u00f6s osallistunut katutaidetapahtumiin sein\u00e4maalauksilla ja j\u00e4rjest\u00e4nyt t\u00f6ist\u00e4\u00e4n n\u00e4yttelyit\u00e4.   <\/p>\n<p>Martinin halu on tuoda esiin ihmisten tarinoiden ilmeisimm\u00e4t hetket ja persoonallisuudet erilaisten kuvitusten avulla. Ovatko n\u00e4m\u00e4 kuvat onnellisia vai eiv\u00e4t, riippui tarinoista, joita ihmiset kertoivat meille. Joka tapauksessa ne voivat olla elint\u00e4rkeit\u00e4 tarinoita ja kuvia, jotka antavat ideoita ja ajattelemisen aihetta niille, jotka ovat jo jakaneet el\u00e4m\u00e4ns\u00e4 kahden maan v\u00e4lill\u00e4 tai niille, jotka aikovat tehd\u00e4 niin tulevaisuudessa. Martin uskoo, ett\u00e4 n\u00e4ist\u00e4 tarinoista syntyy pieni\u00e4 t\u00e4hti\u00e4, jotka positiivisella el\u00e4m\u00e4nkatsomuksellaan menev\u00e4t lopulta ihmisten syd\u00e4miin.   <\/p>\n<p><strong>N\u00e4yttely on avoinna Tampere-talolla 5.3. (17.00) \u2013 29.3. Galleria on avoinna joka p\u00e4iv\u00e4 klo 9-18. Vapaa p\u00e4\u00e4sy!    <\/strong><\/p>\n","protected":false},"excerpt":{"rendered":"<p>Martin Ratasin sarjakuvan\u00e4yttely esittelee ihmisten tarinoita Suomeen matkustamisesta, siell\u00e4 sopeutumisesta ja Suomeen paluusta. It\u00e4-Suomen yliopisto ja Tarton yliopisto ker\u00e4siv\u00e4t kolmen&#8230;<\/p>\n","protected":false},"author":1,"featured_media":0,"comment_status":"closed","ping_status":"open","sticky":false,"template":"","format":"standard","meta":{"_acf_changed":false,"inline_featured_image":false,"footnotes":""},"categories":[40],"class_list":["post-2226","post","type-post","status-publish","format-standard","hentry","category-tapahtumat"],"acf":[],"_links":{"self":[{"href":"https:\/\/tamperemaja.ee\/kultuuriuritused\/fi\/wp-json\/wp\/v2\/posts\/2226"}],"collection":[{"href":"https:\/\/tamperemaja.ee\/kultuuriuritused\/fi\/wp-json\/wp\/v2\/posts"}],"about":[{"href":"https:\/\/tamperemaja.ee\/kultuuriuritused\/fi\/wp-json\/wp\/v2\/types\/post"}],"author":[{"embeddable":true,"href":"https:\/\/tamperemaja.ee\/kultuuriuritused\/fi\/wp-json\/wp\/v2\/users\/1"}],"replies":[{"embeddable":true,"href":"https:\/\/tamperemaja.ee\/kultuuriuritused\/fi\/wp-json\/wp\/v2\/comments?post=2226"}],"version-history":[{"count":0,"href":"https:\/\/tamperemaja.ee\/kultuuriuritused\/fi\/wp-json\/wp\/v2\/posts\/2226\/revisions"}],"wp:attachment":[{"href":"https:\/\/tamperemaja.ee\/kultuuriuritused\/fi\/wp-json\/wp\/v2\/media?parent=2226"}],"wp:term":[{"taxonomy":"category","embeddable":true,"href":"https:\/\/tamperemaja.ee\/kultuuriuritused\/fi\/wp-json\/wp\/v2\/categories?post=2226"}],"curies":[{"name":"wp","href":"https:\/\/api.w.org\/{rel}","templated":true}]}}